{"id":2521,"date":"2026-04-23T18:49:38","date_gmt":"2026-04-23T17:49:38","guid":{"rendered":"https:\/\/asff.upol.cz\/?p=2521"},"modified":"2026-04-23T18:49:38","modified_gmt":"2026-04-23T17:49:38","slug":"zmena-ve-slozeni-senatu-4","status":"publish","type":"post","link":"https:\/\/asff.upol.cz\/index.php\/zmena-ve-slozeni-senatu-4\/","title":{"rendered":"Zm\u011bna ve slo\u017een\u00ed sen\u00e1tu"},"content":{"rendered":"\n<p>Vzhledem ke smutn\u00e9mu odchodu dr. Olgy Pechov\u00e9 p\u0159edseda sen\u00e1tu dr. Ond\u0159ej Moln\u00e1r oslovil dle Volebn\u00edho \u0159\u00e1du AS FF UP v po\u0159ad\u00ed dal\u0161\u00edho kandid\u00e1ta. Ve skupin\u011b sen\u00e1tor\u016f akademick\u00fdch pracovn\u00edk\u016f zvolen\u00fdch studuj\u00edc\u00edmi, ve kter\u00e9 byla zvolena sen\u00e1torka Pechov\u00e1, byl t\u00edmto v po\u0159ad\u00edm dal\u0161\u00edm kandid\u00e1tem doc. Pavel \u0160arad\u00edn. Politolog doc. \u0160arad\u00edn funkci p\u0159ijal a z\u00fa\u010dastn\u00ed se tak ji\u017e nadch\u00e1zej\u00edc\u00edho zased\u00e1n\u00ed AS FF UP 29. dubna 2026.<\/p>\n","protected":false},"excerpt":{"rendered":"<p>Vzhledem ke smutn\u00e9mu odchodu dr. Olgy Pechov\u00e9 p\u0159edseda sen\u00e1tu dr. Ond\u0159ej Moln\u00e1r oslovil dle Volebn\u00edho \u0159\u00e1du AS FF UP v po\u0159ad\u00ed dal\u0161\u00edho kandid\u00e1ta. Ve skupin\u011b sen\u00e1tor\u016f akademick\u00fdch pracovn\u00edk\u016f zvolen\u00fdch studuj\u00edc\u00edmi, ve kter\u00e9 byla zvolena sen\u00e1torka Pechov\u00e1, byl t\u00edmto v po\u0159ad\u00edm&hellip;<\/p>\n","protected":false},"author":2,"featured_media":0,"comment_status":"closed","ping_status":"closed","sticky":false,"template":"","format":"standard","meta":{"footnotes":""},"categories":[1],"tags":[],"post_series":[],"class_list":["post-2521","post","type-post","status-publish","format-standard","hentry","category-nezarazene","entry","no-media"],"_links":{"self":[{"href":"https:\/\/asff.upol.cz\/index.php\/wp-json\/wp\/v2\/posts\/2521","targetHints":{"allow":["GET"]}}],"collection":[{"href":"https:\/\/asff.upol.cz\/index.php\/wp-json\/wp\/v2\/posts"}],"about":[{"href":"https:\/\/asff.upol.cz\/index.php\/wp-json\/wp\/v2\/types\/post"}],"author":[{"embeddable":true,"href":"https:\/\/asff.upol.cz\/index.php\/wp-json\/wp\/v2\/users\/2"}],"replies":[{"embeddable":true,"href":"https:\/\/asff.upol.cz\/index.php\/wp-json\/wp\/v2\/comments?post=2521"}],"version-history":[{"count":1,"href":"https:\/\/asff.upol.cz\/index.php\/wp-json\/wp\/v2\/posts\/2521\/revisions"}],"predecessor-version":[{"id":2522,"href":"https:\/\/asff.upol.cz\/index.php\/wp-json\/wp\/v2\/posts\/2521\/revisions\/2522"}],"wp:attachment":[{"href":"https:\/\/asff.upol.cz\/index.php\/wp-json\/wp\/v2\/media?parent=2521"}],"wp:term":[{"taxonomy":"category","embeddable":true,"href":"https:\/\/asff.upol.cz\/index.php\/wp-json\/wp\/v2\/categories?post=2521"},{"taxonomy":"post_tag","embeddable":true,"href":"https:\/\/asff.upol.cz\/index.php\/wp-json\/wp\/v2\/tags?post=2521"},{"taxonomy":"post_series","embeddable":true,"href":"https:\/\/asff.upol.cz\/index.php\/wp-json\/wp\/v2\/post_series?post=2521"}],"curies":[{"name":"wp","href":"https:\/\/api.w.org\/{rel}","templated":true}]}}