{"id":2515,"date":"2026-04-17T17:31:41","date_gmt":"2026-04-17T16:31:41","guid":{"rendered":"https:\/\/asff.upol.cz\/?p=2515"},"modified":"2026-04-17T17:31:41","modified_gmt":"2026-04-17T16:31:41","slug":"smutna-zprava","status":"publish","type":"post","link":"https:\/\/asff.upol.cz\/index.php\/smutna-zprava\/","title":{"rendered":"Smutn\u00e1 zpr\u00e1va"},"content":{"rendered":"\n<p>S hlubok\u00fdm z\u00e1rmutkem oznamujeme, \u017ee 15. dubna 2026 n\u00e1s nav\u017edy opustila sen\u00e1torka Olga Pechov\u00e1. Vyjad\u0159ujeme up\u0159\u00edmnou soustrast rodin\u011b, p\u0159\u00e1tel\u016fm, koleg\u016fm i student\u016fm a pos\u00edl\u00e1me kondolenci na jej\u00ed domovskou katedru psychologie. Posledn\u00ed rozlou\u010den\u00ed prob\u011bhne 23. dubna 2026 ve 14:20 v ob\u0159adn\u00ed s\u00edni olomouck\u00e9ho krematoria.<\/p>\n","protected":false},"excerpt":{"rendered":"<p>S hlubok\u00fdm z\u00e1rmutkem oznamujeme, \u017ee 15. dubna 2026 n\u00e1s nav\u017edy opustila sen\u00e1torka Olga Pechov\u00e1. Vyjad\u0159ujeme up\u0159\u00edmnou soustrast rodin\u011b, p\u0159\u00e1tel\u016fm, koleg\u016fm i student\u016fm a pos\u00edl\u00e1me kondolenci na jej\u00ed domovskou katedru psychologie. Posledn\u00ed rozlou\u010den\u00ed prob\u011bhne 23. dubna 2026 ve 14:20 v ob\u0159adn\u00ed&hellip;<\/p>\n","protected":false},"author":2,"featured_media":0,"comment_status":"closed","ping_status":"closed","sticky":false,"template":"","format":"standard","meta":{"footnotes":""},"categories":[1],"tags":[],"post_series":[],"class_list":["post-2515","post","type-post","status-publish","format-standard","hentry","category-nezarazene","entry","no-media"],"_links":{"self":[{"href":"https:\/\/asff.upol.cz\/index.php\/wp-json\/wp\/v2\/posts\/2515","targetHints":{"allow":["GET"]}}],"collection":[{"href":"https:\/\/asff.upol.cz\/index.php\/wp-json\/wp\/v2\/posts"}],"about":[{"href":"https:\/\/asff.upol.cz\/index.php\/wp-json\/wp\/v2\/types\/post"}],"author":[{"embeddable":true,"href":"https:\/\/asff.upol.cz\/index.php\/wp-json\/wp\/v2\/users\/2"}],"replies":[{"embeddable":true,"href":"https:\/\/asff.upol.cz\/index.php\/wp-json\/wp\/v2\/comments?post=2515"}],"version-history":[{"count":1,"href":"https:\/\/asff.upol.cz\/index.php\/wp-json\/wp\/v2\/posts\/2515\/revisions"}],"predecessor-version":[{"id":2516,"href":"https:\/\/asff.upol.cz\/index.php\/wp-json\/wp\/v2\/posts\/2515\/revisions\/2516"}],"wp:attachment":[{"href":"https:\/\/asff.upol.cz\/index.php\/wp-json\/wp\/v2\/media?parent=2515"}],"wp:term":[{"taxonomy":"category","embeddable":true,"href":"https:\/\/asff.upol.cz\/index.php\/wp-json\/wp\/v2\/categories?post=2515"},{"taxonomy":"post_tag","embeddable":true,"href":"https:\/\/asff.upol.cz\/index.php\/wp-json\/wp\/v2\/tags?post=2515"},{"taxonomy":"post_series","embeddable":true,"href":"https:\/\/asff.upol.cz\/index.php\/wp-json\/wp\/v2\/post_series?post=2515"}],"curies":[{"name":"wp","href":"https:\/\/api.w.org\/{rel}","templated":true}]}}