{"id":2395,"date":"2025-10-28T11:05:32","date_gmt":"2025-10-28T10:05:32","guid":{"rendered":"https:\/\/asff.upol.cz\/?p=2395"},"modified":"2025-10-28T11:05:32","modified_gmt":"2025-10-28T10:05:32","slug":"akademicky-senat-ff-up-zvolil-kandidatem-na-dekana-jana-stejskala","status":"publish","type":"post","link":"https:\/\/asff.upol.cz\/index.php\/akademicky-senat-ff-up-zvolil-kandidatem-na-dekana-jana-stejskala\/","title":{"rendered":"Akademick\u00fd sen\u00e1t FF UP zvolil kandid\u00e1tem na d\u011bkana Jana Stejskala"},"content":{"rendered":"\n<p><em>\u00dater\u00fd 21. \u0159\u00edjen 2025, 18:02\u00a0\u2013 Text: Milada K\u0159\u00ed\u017ekov\u00e1 Hronov\u00e1<\/em><\/p>\n\n\n\n<p><strong>Filozofickou fakultu Univerzity Palack\u00e9ho by m\u011bl i v&nbsp;n\u00e1sleduj\u00edc\u00edm \u010dty\u0159let\u00e9m obdob\u00ed v\u00e9st historik Jan Stejskal. \u010ctrn\u00e1cti hlasy o tom v&nbsp;tajn\u00e9 elektronick\u00e9 volb\u011b rozhodl Akademick\u00fd sen\u00e1t FF UP.&nbsp;Pokud v\u00fdsledek volby fakultn\u00edho sen\u00e1tu potvrd\u00ed rektor UP Michael Kohajda, druh\u00e9 d\u011bkansk\u00e9 obdob\u00ed zah\u00e1j\u00ed Jan Stejskal k&nbsp;1. \u00fanoru 2026. &nbsp;<\/strong><\/p>\n\n\n\n<p>Pot\u0159ebnou nadpolovi\u010dn\u00ed v\u011bt\u0161inu hlas\u016f obdr\u017eel kandid\u00e1t na d\u011bkana FF UP hned v&nbsp;prvn\u00edm kole, kdy\u017e z\u00edskal \u010dtrn\u00e1ct sen\u00e1torsk\u00fdch hlas\u016f jedenadvaceti\u010dlenn\u00e9ho t\u011blesa. Proti se vyj\u00e1d\u0159ili dva sen\u00e1to\u0159i \u010di sen\u00e1torky, p\u011bt se jich v&nbsp;hlasov\u00e1n\u00ed zdr\u017eelo.<\/p>\n\n\n\n<p>\u201eD\u011bkuji v\u00e1m za projevenou d\u016fv\u011bru. Slibuji, \u017ee se vynasna\u017e\u00edm, jak jen budu moci, abych za \u010dty\u0159i roky p\u0159edal fakultu v je\u0161t\u011b&nbsp;lep\u0161\u00edm stavu, ne\u017e je te\u010f,\u201c uvedl&nbsp;knadid\u00e1t na d\u011bkana bezprost\u0159edn\u011b po sv\u00e9m zvolen\u00ed.<\/p>\n\n\n\n<p>Jan Stejskal je s&nbsp;FF UP spojen od roku 1989, a p\u0159esto\u017ee p\u016fsobil i jinde, v\u017edy byl s&nbsp;UP spjat. Olomouckou filozofickou fakultu pova\u017euje za sv\u016fj druh\u00fd domov a b\u011bhem sv\u00e9 prezentace uvedl, \u017ee mu velmi z\u00e1le\u017e\u00ed na tom, jak prosp\u00edv\u00e1. O d\u011bkansk\u00fd mand\u00e1t usiloval v&nbsp;druh\u00e9m funk\u010dn\u00edm obdob\u00ed i proto, \u017ee si uv\u011bdomil, \u017ee n\u011bkter\u00e9 z&nbsp;jeho viz\u00ed pot\u0159ebuj\u00ed na uskute\u010dn\u011bn\u00ed del\u0161\u00ed \u010das. Mezi jeho nyn\u011bj\u0161\u00ed priority pat\u0159\u00ed udr\u017eiteln\u00e9 a kvalitn\u00ed studium, je\u017e dok\u00e1\u017ee reagovat na prom\u011bny spole\u010dnosti. Cht\u011bl by na UP prosadit mo\u017enost p\u0159estup\u016f mezi studijn\u00edmi programy a student\u016fm tak umo\u017enit l\u00e9pe reagovat na zm\u011bnu z\u00e1jmu \u010di kari\u00e9rn\u00edch pl\u00e1n\u016f. Jeho c\u00edlem je tak\u00e9 akreditace u\u010ditelsk\u00fdch studijn\u00edch program\u016f v&nbsp;navazuj\u00edc\u00edm magistersk\u00e9m studiu.<\/p>\n\n\n\n<h4 class=\"wp-block-heading\"><em>\u201eVynasna\u017e\u00edm se, abych za \u010dty\u0159i roky p\u0159edal fakultu v je\u0161t\u011b&nbsp;lep\u0161\u00edm stavu, ne\u017e je te\u010f.\u201c&nbsp;Jan Stejskal&nbsp;<\/em><\/h4>\n\n\n\n<p>Chce rozv\u00edjet dal\u0161\u00ed formy studia a spustit online studijn\u00ed programy a mikrocertifik\u00e1ty v\u0161ude tam, kde bude v\u016fle a popt\u00e1vka. Ve sv\u00e9 prezentaci rovn\u011b\u017e uvedl, \u017ee je jeho z\u00e1jmem udr\u017eovat a posilovat na fakult\u011b bezpe\u010dn\u00e9 a p\u0159\u00e1telsk\u00e9 prost\u0159ed\u00ed. Sou\u010dasn\u011b se chce v\u011bnovat i t\u00e9matu odolnosti akademick\u00e9 obce. Zab\u00fdvat se bude i podporou mezin\u00e1rodn\u00ed mobility a p\u00e9\u010di&nbsp;o dlouhodobou udr\u017eitelnost doktorsk\u00e9ho studia, v\u011bdy i v\u00fdzkumu. Za d\u016fle\u017eit\u00e9 pova\u017euje tak\u00e9 pokra\u010dov\u00e1n\u00ed v \u00fasil\u00ed, kter\u00e9 povede k prosazen\u00ed reformy mzdov\u00e9ho p\u0159edpisu i informa\u010dn\u00edho syst\u00e9mu pro hodnocen\u00ed akademick\u00fdch pracovn\u00edk\u016f (IS HAP), z\u00e1rove\u0148 k&nbsp;nav\u00fd\u0161en\u00ed mezd v\u0161ech zam\u011bstnanc\u016f.<\/p>\n\n\n\n<figure class=\"wp-block-image\"><img decoding=\"async\" src=\"https:\/\/www.zurnal.upol.cz\/files\/userdata\/_processed_\/d\/4\/csm_dekan_ff_do_textu01_07779ad1af.jpg\" alt=\"\"\/><\/figure>\n\n\n\n<p>Do d\u011bkansk\u00fdch voleb vstupoval Jan Stejskal spole\u010dn\u011b s germanistkou a dosavadn\u00ed prod\u011bkankou pro akreditaci a doktorsk\u00e9 studium Krist\u00fdnou Solomon. Ta v\u0161ak z&nbsp;kandidatury nakonec odstoupila. Ve v\u00edce ne\u017e dvouhodinov\u00e9 debat\u011b p\u0159ed akademickou obc\u00ed fakulty a zhruba stejn\u011b tak dlouh\u00e9 debat\u011b s&nbsp;fakultn\u00edm akademick\u00fdm sen\u00e1tem Jan Stejskal uvedl, \u017ee se po celou dobu sv\u00e9ho prvn\u00edho mand\u00e1tu sna\u017eil sv\u00e9 fakult\u011b odevzdat maximum. Zd\u016fraznil p\u0159itom, \u017ee v&nbsp;\u00fasil\u00ed nepolev\u00ed a \u017ee u\u010din\u00ed v\u0161e pro to, aby FF UP byla otev\u0159en\u00e1, respektovan\u00e1, inspirativn\u00ed i sebev\u011bdom\u00e1 jednotka v&nbsp;r\u00e1mci univerzity i mimo ni.<\/p>\n\n\n\n<p>P\u0159esto\u017ee se p\u0159i sv\u00e9 prezentaci p\u0159ed akademickou obc\u00ed p\u0159edb\u011b\u017en\u011b vyj\u00e1d\u0159il o slo\u017een\u00ed sv\u00e9ho prod\u011bkansk\u00e9ho t\u00fdmu a ve sv\u00e9 \u0159e\u010di hovo\u0159il o \u010d\u00e1ste\u010dn\u00e9 zm\u011bn\u011b, p\u0159ed volbou samou \u017e\u00e1dn\u00e9 ze jmen nepotvrdil s&nbsp;t\u00edm, \u017ee si chce sv\u016fj nejbli\u017e\u0161\u00ed t\u00fdm sestavit co nejpe\u010dliv\u011bji.<\/p>\n\n\n\n<p><em><strong>Jan Stejskal<\/strong>\u00a0(* 1970) je absolventem FF UP a St\u0159edoevropsk\u00e9 univerzity v\u00a0Budape\u0161ti, postgradu\u00e1ln\u00ed studium absolvoval v Historick\u00e9m \u00fastavu Akademie v\u011bd \u010cR a na FF UP. Zku\u0161enosti a cenn\u00e9 kontakty z\u00edskal i b\u011bhem st\u00e1\u017e\u00ed na International Medieval Institute, University of Leeds nebo na Harvard University Center for Renaissance Studies v\u00a0italsk\u00e9 Florencii. P\u0159edt\u00edm\u00a0ne\u017e za\u010dal pracovat na kated\u0159e historie FF UP, p\u016fsobil mimo jin\u00e9 v\u00a0r\u00e1diu Svobodn\u00e1 Evropa jako archiv\u00e1\u0159 a informa\u010dn\u00ed analytik. S katedrou historie FF UP je spjat od roku 1989, v\u00a0letech 2014\u20132018 byl jej\u00edm vedouc\u00edm. Docentem v\u00a0oboru historie byl jmenov\u00e1n v\u00a0roce 2009. Ve sv\u00e9 odborn\u00e9 pr\u00e1ci se zam\u011b\u0159uje p\u0159edev\u0161\u00edm na obdob\u00ed pozdn\u00edho st\u0159edov\u011bku, d\u011bjiny mni\u0161stv\u00ed a italsk\u00fd humanismus 15. stolet\u00ed. Je \u010dlenem V\u011bdeck\u00e9 rady FF UP, tak\u00e9 n\u011bkolika oborov\u00fdch rad na FF UP a na Filozofick\u00e9 fakult\u011b Univerzity Pardubice a hodnotitelem N\u00e1rodn\u00edho akredita\u010dn\u00edho \u00fa\u0159adu. Filozofickou fakultu UP vede od 1. \u00fanora 2022.<\/em><\/p>\n\n\n\n<p><em>Text vznikl pro univerzitn\u00ed zpravodajsk\u00fd web\u00a0<a href=\"https:\/\/www.zurnal.upol.cz\/\">\u017durn\u00e1l Online<\/a>.<\/em><\/p>\n","protected":false},"excerpt":{"rendered":"<p>\u00dater\u00fd 21. \u0159\u00edjen 2025, 18:02\u00a0\u2013 Text: Milada K\u0159\u00ed\u017ekov\u00e1 Hronov\u00e1 Filozofickou fakultu Univerzity Palack\u00e9ho by m\u011bl i v&nbsp;n\u00e1sleduj\u00edc\u00edm \u010dty\u0159let\u00e9m obdob\u00ed v\u00e9st historik Jan Stejskal. \u010ctrn\u00e1cti hlasy o tom v&nbsp;tajn\u00e9 elektronick\u00e9 volb\u011b rozhodl Akademick\u00fd sen\u00e1t FF UP.&nbsp;Pokud v\u00fdsledek volby fakultn\u00edho sen\u00e1tu potvrd\u00ed&hellip;<\/p>\n","protected":false},"author":4,"featured_media":0,"comment_status":"closed","ping_status":"closed","sticky":false,"template":"","format":"standard","meta":{"footnotes":""},"categories":[1],"tags":[],"post_series":[],"class_list":["post-2395","post","type-post","status-publish","format-standard","hentry","category-nezarazene","entry","no-media"],"_links":{"self":[{"href":"https:\/\/asff.upol.cz\/index.php\/wp-json\/wp\/v2\/posts\/2395","targetHints":{"allow":["GET"]}}],"collection":[{"href":"https:\/\/asff.upol.cz\/index.php\/wp-json\/wp\/v2\/posts"}],"about":[{"href":"https:\/\/asff.upol.cz\/index.php\/wp-json\/wp\/v2\/types\/post"}],"author":[{"embeddable":true,"href":"https:\/\/asff.upol.cz\/index.php\/wp-json\/wp\/v2\/users\/4"}],"replies":[{"embeddable":true,"href":"https:\/\/asff.upol.cz\/index.php\/wp-json\/wp\/v2\/comments?post=2395"}],"version-history":[{"count":1,"href":"https:\/\/asff.upol.cz\/index.php\/wp-json\/wp\/v2\/posts\/2395\/revisions"}],"predecessor-version":[{"id":2396,"href":"https:\/\/asff.upol.cz\/index.php\/wp-json\/wp\/v2\/posts\/2395\/revisions\/2396"}],"wp:attachment":[{"href":"https:\/\/asff.upol.cz\/index.php\/wp-json\/wp\/v2\/media?parent=2395"}],"wp:term":[{"taxonomy":"category","embeddable":true,"href":"https:\/\/asff.upol.cz\/index.php\/wp-json\/wp\/v2\/categories?post=2395"},{"taxonomy":"post_tag","embeddable":true,"href":"https:\/\/asff.upol.cz\/index.php\/wp-json\/wp\/v2\/tags?post=2395"},{"taxonomy":"post_series","embeddable":true,"href":"https:\/\/asff.upol.cz\/index.php\/wp-json\/wp\/v2\/post_series?post=2395"}],"curies":[{"name":"wp","href":"https:\/\/api.w.org\/{rel}","templated":true}]}}