{"id":2387,"date":"2025-10-03T13:13:26","date_gmt":"2025-10-03T12:13:26","guid":{"rendered":"https:\/\/asff.upol.cz\/?p=2387"},"modified":"2025-10-03T13:13:26","modified_gmt":"2025-10-03T12:13:26","slug":"vyhlaseni-voleb-do-akademickeho-senatu-ff-up","status":"publish","type":"post","link":"https:\/\/asff.upol.cz\/index.php\/vyhlaseni-voleb-do-akademickeho-senatu-ff-up\/","title":{"rendered":"Vyhl\u00e1\u0161en\u00ed voleb do Akademick\u00e9ho sen\u00e1tu FF UP"},"content":{"rendered":"\n<p>Akademick\u00fd sen\u00e1t Filozofick\u00e9 fakulty Univerzity Palack\u00e9ho v Olomouci na sv\u00e9m zased\u00e1n\u00ed 1. 10. 2025 vyhl\u00e1sil volby do Akademick\u00e9ho sen\u00e1tu FF UP na funk\u010dn\u00ed obdob\u00ed\u00a0<strong>od 1. ledna 2026 do 31. prosince 2028\u00a0<\/strong>(p\u0159ijat\u00e1 usnesen\u00ed <strong><a href=\"https:\/\/www.ff.upol.cz\/files\/FF\/uredni_deska\/oznameni\/volby\/volby_senat\/Prijata_usneseni_ASFFUP.pdf\">zde<\/a><\/strong>).<\/p>\n\n\n\n<p>Volby se uskute\u010dn\u00ed&nbsp;<strong>od \u010dtvrtka 27. listopadu 2025 od 00.00 hod. do \u00fater\u00fd 2. prosince 2025 do 16.00 hod.<\/strong>&nbsp;elektronickou formou prost\u0159ednictv\u00edm univerzitn\u00edho syst\u00e9mu (volebn\u00ed aplikace bude dostupn\u00e1 na&nbsp;<a href=\"http:\/\/www.volby.upol.cz\/\" target=\"_blank\" rel=\"noreferrer noopener\">www.volby.upol.cz<\/a>).<\/p>\n\n\n\n<p><strong>Volebn\u00ed komise<\/strong><\/p>\n\n\n\n<p>Pro organizaci voleb byla ustanovena volebn\u00ed komise ve slo\u017een\u00ed:<\/p>\n\n\n\n<ul class=\"wp-block-list\">\n<li><strong>Mgr. David Broul<\/strong>\u00a0(katedra politologie a evropsk\u00fdch studi\u00ed) \u2013 p\u0159edseda<\/li>\n\n\n\n<li><strong>prof. PhDr. Tom\u00e1\u0161 Nejeschleba, Ph.D.<\/strong>\u00a0(katedra filozofie)<\/li>\n\n\n\n<li><strong>PhDr. Pavel Kreisinger, Ph.D.<\/strong>\u00a0(katedra historie)<\/li>\n\n\n\n<li><strong>Mgr. Daniela Ostr\u00e1, Ph.D.<\/strong>\u00a0(katedra politologie a evropsk\u00fdch studi\u00ed)<\/li>\n\n\n\n<li><strong>Mgr. Tommy \u0160merda<\/strong>\u00a0(katedra historie)<\/li>\n\n\n\n<li><strong>Bc. Tade\u00e1\u0161 S\u0119k<\/strong>\u00a0(katedra politologie a evropsk\u00fdch studi\u00ed)<\/li>\n\n\n\n<li><strong>Mgr. Petra Bezd\u011bkov\u00e1<\/strong>\u00a0(katedra politologie a evropsk\u00fdch studi\u00ed)<\/li>\n<\/ul>\n\n\n\n<p><strong>Pod\u00e1v\u00e1n\u00ed kandid\u00e1tn\u00edch n\u00e1vrh\u016f<\/strong><\/p>\n\n\n\n<p>N\u00e1vrhy na kandid\u00e1ty a kandid\u00e1tky je mo\u017en\u00e9 pod\u00e1vat&nbsp;<strong>od 3. \u0159\u00edjna 2025 do 3. listopadu 2025 do 16.00 hod.<\/strong><br>Pod\u00e1n\u00ed lze u\u010dinit:<\/p>\n\n\n\n<ul class=\"wp-block-list\">\n<li>elektronicky prost\u0159ednictv\u00edm univerzitn\u00edho e-mailu na adresu p\u0159edsedy volebn\u00ed komise, nebo<\/li>\n\n\n\n<li>fyzicky k ruk\u00e1m p\u0159edsedy volebn\u00ed komise.<\/li>\n<\/ul>\n\n\n\n<p>Formul\u00e1\u0159 n\u00e1vrhu kandid\u00e1ta je k dispozici <strong><a href=\"https:\/\/www.ff.upol.cz\/files\/FF\/uredni_deska\/oznameni\/volby\/volby_senat\/Volby_AS_FF_UP_2025_Nominac__ni___formula__r__.docx\"><strong>zde<\/strong><\/a><\/strong>.<\/p>\n\n\n\n<p><strong>Voli\u010di a slo\u017een\u00ed sen\u00e1tu<\/strong><\/p>\n\n\n\n<ul class=\"wp-block-list\">\n<li>Voli\u010dem je ka\u017ed\u00fd akademick\u00fd pracovn\u00edk a student fakulty, kter\u00fd je \u010dlenem akademick\u00e9 obce FF UP k prvn\u00edmu dni voleb.<\/li>\n\n\n\n<li>Sen\u00e1t m\u00e1 celkem 21 \u010dlen\u016f:\n<ul class=\"wp-block-list\">\n<li>14 sen\u00e1tor\u016f volen\u00fdch z \u0159ad akademick\u00fdch pracovn\u00edk\u016f,<\/li>\n\n\n\n<li>7 sen\u00e1tor\u016f volen\u00fdch z \u0159ad student\u016f.<\/li>\n<\/ul>\n<\/li>\n\n\n\n<li>Akademi\u010dt\u00ed pracovn\u00edci vol\u00ed 11 sen\u00e1tor\u016f-akademick\u00fdch pracovn\u00edk\u016f, studenti vol\u00ed 3 sen\u00e1tory-akademick\u00e9 pracovn\u00edky a 7 sen\u00e1tor\u016f-student\u016f.<\/li>\n<\/ul>\n\n\n\n<p>Volby se \u0159\u00edd\u00ed\u00a0<strong>Volebn\u00edm \u0159\u00e1dem AS FF UP<\/strong>, kter\u00fd je k dispozici <strong><a href=\"https:\/\/www.ff.upol.cz\/files\/FF\/uredni_deska\/oznameni\/volby\/volby_senat\/FF-A-25-08_volebni_rad_signed.pdf\"><strong>zde<\/strong><\/a><\/strong>.<\/p>\n\n\n\n<p><strong>Etick\u00fd kodex volebn\u00ed kampan\u011b<\/strong><\/p>\n\n\n\n<ul class=\"wp-block-list\">\n<li>Kampa\u0148 prob\u00edh\u00e1 f\u00e9rov\u00fdmi prost\u0159edky, bez \u00fatok\u016f a n\u00e1tlaku.<\/li>\n\n\n\n<li>Obsah kampan\u011b m\u00e1 odpov\u00eddat postaven\u00ed a pravomoc\u00edm AS FF UP.<\/li>\n\n\n\n<li>Podoba kampan\u011b m\u00e1 b\u00fdt hodna akademick\u00e9ho prost\u0159ed\u00ed.<\/li>\n\n\n\n<li>Kampa\u0148 nesm\u00ed prob\u00edhat b\u011bhem v\u00fduky a zkou\u0161en\u00ed.<\/li>\n\n\n\n<li>Elektronick\u00e9 syst\u00e9my a datab\u00e1ze fakulty nesm\u00ed b\u00fdt ke kampani zneu\u017e\u00edv\u00e1ny.<\/li>\n\n\n\n<li>Kampa\u0148 nesm\u00ed b\u00fdt financov\u00e1na z univerzitn\u00edch prost\u0159edk\u016f.<\/li>\n\n\n\n<li>Hlasov\u00e1n\u00ed nesm\u00ed b\u00fdt organizov\u00e1no v dob\u011b v\u00fduky a zkou\u0161en\u00ed, bezprost\u0159edn\u011b p\u0159ed nimi a po nich.<\/li>\n\n\n\n<li>Mand\u00e1t sen\u00e1tora AS FF UP nesm\u00ed vykon\u00e1vat osoby zast\u00e1vaj\u00edc\u00ed vedouc\u00ed, mana\u017eersk\u00e9 \u010di volen\u00e9 funkce na jin\u00fdch fakult\u00e1ch \u010di univerzit\u00e1ch.<\/li>\n<\/ul>\n","protected":false},"excerpt":{"rendered":"<p>Akademick\u00fd sen\u00e1t Filozofick\u00e9 fakulty Univerzity Palack\u00e9ho v Olomouci na sv\u00e9m zased\u00e1n\u00ed 1. 10. 2025 vyhl\u00e1sil volby do Akademick\u00e9ho sen\u00e1tu FF UP na funk\u010dn\u00ed obdob\u00ed\u00a0od 1. ledna 2026 do 31. prosince 2028\u00a0(p\u0159ijat\u00e1 usnesen\u00ed zde). Volby se uskute\u010dn\u00ed&nbsp;od \u010dtvrtka 27. listopadu 2025&hellip;<\/p>\n","protected":false},"author":1,"featured_media":0,"comment_status":"closed","ping_status":"closed","sticky":false,"template":"","format":"standard","meta":{"footnotes":""},"categories":[1],"tags":[],"post_series":[],"class_list":["post-2387","post","type-post","status-publish","format-standard","hentry","category-nezarazene","entry","no-media"],"_links":{"self":[{"href":"https:\/\/asff.upol.cz\/index.php\/wp-json\/wp\/v2\/posts\/2387","targetHints":{"allow":["GET"]}}],"collection":[{"href":"https:\/\/asff.upol.cz\/index.php\/wp-json\/wp\/v2\/posts"}],"about":[{"href":"https:\/\/asff.upol.cz\/index.php\/wp-json\/wp\/v2\/types\/post"}],"author":[{"embeddable":true,"href":"https:\/\/asff.upol.cz\/index.php\/wp-json\/wp\/v2\/users\/1"}],"replies":[{"embeddable":true,"href":"https:\/\/asff.upol.cz\/index.php\/wp-json\/wp\/v2\/comments?post=2387"}],"version-history":[{"count":1,"href":"https:\/\/asff.upol.cz\/index.php\/wp-json\/wp\/v2\/posts\/2387\/revisions"}],"predecessor-version":[{"id":2388,"href":"https:\/\/asff.upol.cz\/index.php\/wp-json\/wp\/v2\/posts\/2387\/revisions\/2388"}],"wp:attachment":[{"href":"https:\/\/asff.upol.cz\/index.php\/wp-json\/wp\/v2\/media?parent=2387"}],"wp:term":[{"taxonomy":"category","embeddable":true,"href":"https:\/\/asff.upol.cz\/index.php\/wp-json\/wp\/v2\/categories?post=2387"},{"taxonomy":"post_tag","embeddable":true,"href":"https:\/\/asff.upol.cz\/index.php\/wp-json\/wp\/v2\/tags?post=2387"},{"taxonomy":"post_series","embeddable":true,"href":"https:\/\/asff.upol.cz\/index.php\/wp-json\/wp\/v2\/post_series?post=2387"}],"curies":[{"name":"wp","href":"https:\/\/api.w.org\/{rel}","templated":true}]}}