{"id":2372,"date":"2025-04-10T10:13:59","date_gmt":"2025-04-10T09:13:59","guid":{"rendered":"https:\/\/asff.upol.cz\/?p=2372"},"modified":"2025-04-10T10:13:59","modified_gmt":"2025-04-10T09:13:59","slug":"akademicky-senat-ff-up-schvalil-nove-slozeni-sve-ekonomicke-komise","status":"publish","type":"post","link":"https:\/\/asff.upol.cz\/index.php\/akademicky-senat-ff-up-schvalil-nove-slozeni-sve-ekonomicke-komise\/","title":{"rendered":"Akademick\u00fd sen\u00e1t FF UP schv\u00e1lil nov\u00e9 slo\u017een\u00ed sv\u00e9 ekonomick\u00e9 komise"},"content":{"rendered":"\n<p><em>Text: Milada K\u0159\u00ed\u017ekov\u00e1 Hronov\u00e1<\/em><br><em><em>\u010ctvrtek 10. duben 2025<\/em><\/em><\/p>\n\n\n\n<p><strong>B\u011bhem dubnov\u00e9ho zased\u00e1n\u00ed schv\u00e1lil Akademick\u00fd sen\u00e1t Filozofick\u00e9 fakulty UP nov\u00e9 slo\u017een\u00ed sv\u00e9 ekonomick\u00e9 komise. P\u0159ijal tak\u00e9 dva z\u00e1m\u011bry studijn\u00edch program\u016f a t\u0159i d\u016fle\u017eit\u00e9 fakultn\u00ed dokumenty. T\u00e9\u017e si vyslechl informaci ochr\u00e1nc\u016f pr\u00e1v student\u016f a studentek FF UP.&nbsp;<\/strong><\/p>\n\n\n\n<p>Akademick\u00fd sen\u00e1t FF UP se na dal\u0161\u00edm jarn\u00edm zased\u00e1n\u00ed v\u011bnoval slo\u017een\u00ed sv\u00e9 ekonomick\u00e9 komise. Pot\u00e9, co na funkci p\u0159edsedy komise rezignoval Ji\u0159\u00ed \u0160pi\u010dka z\u00a0katedry romanistiky a sen\u00e1to\u0159i a sen\u00e1torky zvolili novou p\u0159edsedkyni Lenku Zaj\u00edcovou ze stejn\u00e9 katedry (psali jsme\u00a0<a href=\"https:\/\/www.zurnal.upol.cz\/nc\/zprava\/clanek\/novou-predsedkyni-ekonomicke-komise-senatu-ff-up-se-stala-lenka-zajicova\/\">zde<\/a>), vyjad\u0159oval se AS FF UP i k\u00a0jednotliv\u00fdm navr\u017een\u00fdm \u010dlen\u016fm tohoto uskupen\u00ed. Ty kr\u00e1tce p\u0159edstavila p\u0159edsedkyn\u011b komise. AS FF UP navr\u017een\u00e9 slo\u017een\u00ed poradn\u00edho org\u00e1nu sen\u00e1tu fakulty schv\u00e1lil. Ekonomick\u00e1 komise AS FF UP bude nyn\u00ed pracovat v po\u010dtu osmi \u010dlen\u016f (viz n\u00ed\u017ee).<\/p>\n\n\n\n<p><em><strong>Ekonomick\u00e1 komise AS FF UP: p<\/strong>\u0159edsedkyn\u011b: Lenka Zaj\u00edcov\u00e1 (katedra romanistiky), \u010dlenov\u00e9: Martin Dolej\u0161 (katedra psychologie), Wilken Engelbrecht (katedra nederlandistiky), Filip Kraus (katedra asijsk\u00fdch studi\u00ed), Martin Fafejta (katedra sociologie, andragogiky a kulturn\u00ed antropologie), Jan Stoklasa (katedra ekonomick\u00fdch a mana\u017eersk\u00fdch studi\u00ed), Jana Zapletalov\u00e1 (katedra d\u011bjin um\u011bn\u00ed) a Krist\u00fdna V\u00e1clavkov\u00e1 (studentka katedry historie). \u00a0<\/em><\/p>\n\n\n\n<p>S&nbsp;informacemi o \u010dinnosti Institutu ombudsmana FF UP za rok 2024 vystoupili p\u0159ed sen\u00e1tory a sen\u00e1torkami Michaela Anton\u00edn Malan\u00edkov\u00e1, ombudsmanka pro studuj\u00edc\u00ed FF UP (katedra historie), a Jaroslav \u0160otola, z\u00e1stupce ombudsmanky FF UP (katedra sociologie, andragogiky a kulturn\u00ed antropologie). Sd\u011blili, \u017ee se v uplynul\u00e9m obdob\u00ed v\u011bnovali 18 podn\u011bt\u016fm a \u017ee se v&nbsp;mnoh\u00e9m t\u00fdkaly syst\u00e9mov\u00e9ho nastaven\u00ed, komunikace, nevhodn\u00e9ho chov\u00e1n\u00ed, n\u011bkter\u00e9 m\u011bly i souvislost s&nbsp;kvalifika\u010dn\u00edmi pracemi. Uveden\u00fd po\u010det podn\u011bt\u016f je srovnateln\u00fd s&nbsp;rokem 2023, velk\u00e1 \u010d\u00e1st z&nbsp;nich p\u0159i\u0161la od studuj\u00edc\u00edch z&nbsp;bakal\u00e1\u0159sk\u00fdch studijn\u00edch program\u016f, \u010d\u00e1st se t\u00fdkala doktorand\u016f. Ochr\u00e1nci studentsk\u00fdch pr\u00e1v na FF UP uvedli, \u017ee z\u00e1klad, jen\u017e m\u00e1 v\u00e9st k vy\u0159e\u0161en\u00ed jak\u00e9hokoliv probl\u00e9mu, spat\u0159uj\u00ed v osobn\u00edm setk\u00e1n\u00ed a o n\u011bj se v\u017edy i sna\u017e\u00ed. S&nbsp;ohledem na celospole\u010densk\u00e9 d\u011bn\u00ed zm\u00ednili i existenci negativn\u00edch reakc\u00ed, kter\u00e9 se vztahuj\u00ed k&nbsp;existenci institutu jako takov\u00e9ho. I proto doporu\u010dili, aby se na fakult\u011b i nad\u00e1le posilovalo pov\u011bdom\u00ed o pravidlech respektuj\u00edc\u00ed komunikace. Ve sv\u00e9 \u0159e\u010di shrnuli tak\u00e9 vzd\u011bl\u00e1vac\u00ed aktivity, jimi\u017e za uplynul\u00e9 obdob\u00ed pro\u0161li, i pl\u00e1ny pro n\u00e1sleduj\u00edc\u00ed obdob\u00ed. Mezi n\u011b pat\u0159\u00ed rozvoj agendy s&nbsp;ohledem na rozv\u00edjen\u00ed podpory soci\u00e1ln\u00edho bezpe\u010d\u00ed na FF UP, spolupr\u00e1ce p\u0159i p\u0159\u00edprav\u011b fakultn\u00edho etick\u00e9ho kodexu, spolupr\u00e1ce v&nbsp;r\u00e1mci \u0160kolsk\u00e9 ombuds platformy i v&nbsp;r\u00e1mci ENOHE (European Network of Ombuds in Higher Education). &nbsp;<\/p>\n\n\n\n<p>V&nbsp;dal\u0161\u00ed \u010d\u00e1sti jedn\u00e1n\u00ed schv\u00e1lil AS FF UP dva z\u00e1m\u011bry studijn\u00edch program\u016f. Prvn\u00ed z&nbsp;nich s&nbsp;n\u00e1zvem Jazyk, komunikace a um\u011bl\u00e1 inteligence je sou\u010d\u00e1st\u00ed&nbsp;avizovan\u00e9 fakultn\u00ed optimalizace. Uveden\u00fd bakal\u00e1\u0159sk\u00fd program m\u00e1 na kated\u0159e obecn\u00e9 lingvistiky vzniknout slou\u010den\u00edm dvou program\u016f st\u00e1vaj\u00edc\u00edch (Obecn\u00e1 lingvistika a teorie komunikace a Lingvistika a Digital Humanities). Druh\u00fd, tentokr\u00e1t navazuj\u00edc\u00ed magistersk\u00fd studijn\u00ed program s n\u00e1zvem Management udr\u017eitelnosti ve ve\u0159ejn\u00e9m sektoru pak vznik\u00e1 na kated\u0159e ekonomick\u00fdch a mana\u017eersk\u00fdch studi\u00ed.<\/p>\n\n\n\n<p>B\u011bhem zased\u00e1n\u00ed debatovali sen\u00e1torky a sen\u00e1to\u0159i FF UP tak\u00e9 o parametrick\u00e9m up\u0159esn\u011bn\u00ed d\u011blby DKRVO na FF UP, schv\u00e1lili Volebn\u00ed \u0159\u00e1d AS FF UP a Statut FF UP, a to ve zn\u011bn\u00ed, kter\u00e9 26. b\u0159ezna schv\u00e1lil AS UP. Ve zn\u011bn\u00ed technick\u00fdch \u00faprav p\u0159ijali i dokument s&nbsp;n\u00e1zvem Podm\u00ednky p\u0159ij\u00edmac\u00edho \u0159\u00edzen\u00ed, na v\u011bdom\u00ed pak vzali Harmonogram akademick\u00e9ho roku 2026\/2027.<\/p>\n\n\n\n<p>V\u00edce o Institutu ombudsmana FF UP\u00a0<a rel=\"noreferrer noopener\" href=\"https:\/\/ombudsman.ff.upol.cz\/\" target=\"_blank\">zde<\/a>.<\/p>\n\n\n\n<p><em>Text vznikl pro univerzitn\u00ed zpravodajsk\u00fd web&nbsp;<a href=\"https:\/\/www.zurnal.upol.cz\/\">\u017durn\u00e1l Online<\/a>.<\/em><\/p>\n","protected":false},"excerpt":{"rendered":"<p>Text: Milada K\u0159\u00ed\u017ekov\u00e1 Hronov\u00e1\u010ctvrtek 10. duben 2025 B\u011bhem dubnov\u00e9ho zased\u00e1n\u00ed schv\u00e1lil Akademick\u00fd sen\u00e1t Filozofick\u00e9 fakulty UP nov\u00e9 slo\u017een\u00ed sv\u00e9 ekonomick\u00e9 komise. P\u0159ijal tak\u00e9 dva z\u00e1m\u011bry studijn\u00edch program\u016f a t\u0159i d\u016fle\u017eit\u00e9 fakultn\u00ed dokumenty. T\u00e9\u017e si vyslechl informaci ochr\u00e1nc\u016f pr\u00e1v student\u016f a&hellip;<\/p>\n","protected":false},"author":4,"featured_media":0,"comment_status":"open","ping_status":"open","sticky":false,"template":"","format":"standard","meta":{"footnotes":""},"categories":[1],"tags":[],"post_series":[],"class_list":["post-2372","post","type-post","status-publish","format-standard","hentry","category-nezarazene","entry","no-media"],"_links":{"self":[{"href":"https:\/\/asff.upol.cz\/index.php\/wp-json\/wp\/v2\/posts\/2372","targetHints":{"allow":["GET"]}}],"collection":[{"href":"https:\/\/asff.upol.cz\/index.php\/wp-json\/wp\/v2\/posts"}],"about":[{"href":"https:\/\/asff.upol.cz\/index.php\/wp-json\/wp\/v2\/types\/post"}],"author":[{"embeddable":true,"href":"https:\/\/asff.upol.cz\/index.php\/wp-json\/wp\/v2\/users\/4"}],"replies":[{"embeddable":true,"href":"https:\/\/asff.upol.cz\/index.php\/wp-json\/wp\/v2\/comments?post=2372"}],"version-history":[{"count":1,"href":"https:\/\/asff.upol.cz\/index.php\/wp-json\/wp\/v2\/posts\/2372\/revisions"}],"predecessor-version":[{"id":2373,"href":"https:\/\/asff.upol.cz\/index.php\/wp-json\/wp\/v2\/posts\/2372\/revisions\/2373"}],"wp:attachment":[{"href":"https:\/\/asff.upol.cz\/index.php\/wp-json\/wp\/v2\/media?parent=2372"}],"wp:term":[{"taxonomy":"category","embeddable":true,"href":"https:\/\/asff.upol.cz\/index.php\/wp-json\/wp\/v2\/categories?post=2372"},{"taxonomy":"post_tag","embeddable":true,"href":"https:\/\/asff.upol.cz\/index.php\/wp-json\/wp\/v2\/tags?post=2372"},{"taxonomy":"post_series","embeddable":true,"href":"https:\/\/asff.upol.cz\/index.php\/wp-json\/wp\/v2\/post_series?post=2372"}],"curies":[{"name":"wp","href":"https:\/\/api.w.org\/{rel}","templated":true}]}}