{"id":2104,"date":"2021-10-04T14:29:23","date_gmt":"2021-10-04T13:29:23","guid":{"rendered":"http:\/\/asff.upol.cz\/?p=2104"},"modified":"2021-10-04T14:31:19","modified_gmt":"2021-10-04T13:31:19","slug":"prvni-rijnovou-stredu-probehne-shromazdeni-akademicke-obce-ff","status":"publish","type":"post","link":"https:\/\/asff.upol.cz\/index.php\/prvni-rijnovou-stredu-probehne-shromazdeni-akademicke-obce-ff\/","title":{"rendered":"Prvn\u00ed \u0159\u00edjnovou st\u0159edu prob\u011bhne shrom\u00e1\u017ed\u011bn\u00ed akademick\u00e9 obce FF"},"content":{"rendered":"\n<p>Akademick\u00fd sen\u00e1t bude u\u017e za n\u011bkolik dn\u00ed rozhodovat o obsazen\u00ed postu d\u011bkana fakulty. Je\u0161t\u011b ne\u017e dojde k samotn\u00e9mu hlasov\u00e1n\u00ed, p\u0159edstav\u00ed se jedin\u00fd kandid\u00e1t akademick\u00e9 obci. Jan Stejskal z katedry historie odprezentuje sv\u00e9 teze a odpov\u00ed na ot\u00e1zky b\u011bhem shrom\u00e1\u017ed\u011bn\u00ed akademick\u00e9 obce fakulty ve st\u0159edu 6. \u0159\u00edjna od 17:00 v aule na K\u0159\u00ed\u017ekovsk\u00e9ho 10. Teze kandid\u00e1ta a jeho \u017eivotopis najdete na <a href=\"https:\/\/www.ff.upol.cz\/o-fakulte\/uredni-deska\/#c53705\">\u00fa\u0159edn\u00ed desce fakulty<\/a>. <strong>Na dobu shrom\u00e1\u017ed\u011bn\u00ed vyhl\u00e1sil d\u011bkan fakulty profesor Pechal d\u011bkansk\u00e9 volno<\/strong>.<\/p>\n\n\n\n<p><a href=\"https:\/\/www.youtube.com\/watch?v=Ct6rs0k-NEI\">\u017div\u00fd p\u0159enos je zaji\u0161t\u011bn<\/a>.<\/p>\n","protected":false},"excerpt":{"rendered":"<p>Akademick\u00fd sen\u00e1t bude u\u017e za n\u011bkolik dn\u00ed rozhodovat o obsazen\u00ed postu d\u011bkana fakulty. Je\u0161t\u011b ne\u017e dojde k samotn\u00e9mu hlasov\u00e1n\u00ed, p\u0159edstav\u00ed se jedin\u00fd kandid\u00e1t akademick\u00e9 obci. Jan Stejskal z katedry historie odprezentuje sv\u00e9 teze a odpov\u00ed na ot\u00e1zky b\u011bhem shrom\u00e1\u017ed\u011bn\u00ed akademick\u00e9&hellip;<\/p>\n","protected":false},"author":1,"featured_media":0,"comment_status":"open","ping_status":"open","sticky":false,"template":"","format":"standard","meta":{"footnotes":""},"categories":[1],"tags":[],"post_series":[],"class_list":["post-2104","post","type-post","status-publish","format-standard","hentry","category-nezarazene","entry","no-media"],"_links":{"self":[{"href":"https:\/\/asff.upol.cz\/index.php\/wp-json\/wp\/v2\/posts\/2104","targetHints":{"allow":["GET"]}}],"collection":[{"href":"https:\/\/asff.upol.cz\/index.php\/wp-json\/wp\/v2\/posts"}],"about":[{"href":"https:\/\/asff.upol.cz\/index.php\/wp-json\/wp\/v2\/types\/post"}],"author":[{"embeddable":true,"href":"https:\/\/asff.upol.cz\/index.php\/wp-json\/wp\/v2\/users\/1"}],"replies":[{"embeddable":true,"href":"https:\/\/asff.upol.cz\/index.php\/wp-json\/wp\/v2\/comments?post=2104"}],"version-history":[{"count":2,"href":"https:\/\/asff.upol.cz\/index.php\/wp-json\/wp\/v2\/posts\/2104\/revisions"}],"predecessor-version":[{"id":2107,"href":"https:\/\/asff.upol.cz\/index.php\/wp-json\/wp\/v2\/posts\/2104\/revisions\/2107"}],"wp:attachment":[{"href":"https:\/\/asff.upol.cz\/index.php\/wp-json\/wp\/v2\/media?parent=2104"}],"wp:term":[{"taxonomy":"category","embeddable":true,"href":"https:\/\/asff.upol.cz\/index.php\/wp-json\/wp\/v2\/categories?post=2104"},{"taxonomy":"post_tag","embeddable":true,"href":"https:\/\/asff.upol.cz\/index.php\/wp-json\/wp\/v2\/tags?post=2104"},{"taxonomy":"post_series","embeddable":true,"href":"https:\/\/asff.upol.cz\/index.php\/wp-json\/wp\/v2\/post_series?post=2104"}],"curies":[{"name":"wp","href":"https:\/\/api.w.org\/{rel}","templated":true}]}}