{"id":1247,"date":"2017-10-11T12:37:07","date_gmt":"2017-10-11T11:37:07","guid":{"rendered":"http:\/\/asff.upol.cz\/?p=1247"},"modified":"2017-10-11T12:38:54","modified_gmt":"2017-10-11T11:38:54","slug":"senat-zvolil-noveho-dekana","status":"publish","type":"post","link":"https:\/\/asff.upol.cz\/index.php\/senat-zvolil-noveho-dekana\/","title":{"rendered":"Sen\u00e1t zvolil nov\u00e9ho d\u011bkana"},"content":{"rendered":"<p>Akademick\u00fd sen\u00e1t Filozofick\u00e9 fakulty UP na sv\u00e9m dne\u0161n\u00edm zased\u00e1n\u00ed (11. 10.) navrhl rektorovi univerzity jmenov\u00e1n\u00ed prof. Zde\u0148ka Pechala nov\u00fdm d\u011bkanem Filozofick\u00e9 fakulty na obdob\u00ed 2018-2022. Pro kandid\u00e1ta se vyslovilo 14 z p\u0159\u00edtomn\u00fdch 21 sen\u00e1tor\u016f.<br \/>\nMand\u00e1t st\u00e1vaj\u00edc\u00edho d\u011bkana prof. Lacha kon\u010d\u00ed 31. ledna 2018.<\/p>\n","protected":false},"excerpt":{"rendered":"<p>Akademick\u00fd sen\u00e1t Filozofick\u00e9 fakulty UP na sv\u00e9m dne\u0161n\u00edm zased\u00e1n\u00ed (11. 10.) navrhl rektorovi univerzity jmenov\u00e1n\u00ed prof. Zde\u0148ka Pechala nov\u00fdm d\u011bkanem Filozofick\u00e9 fakulty na obdob\u00ed 2018-2022. Pro kandid\u00e1ta se vyslovilo 14 z p\u0159\u00edtomn\u00fdch 21 sen\u00e1tor\u016f. Mand\u00e1t st\u00e1vaj\u00edc\u00edho d\u011bkana prof. Lacha kon\u010d\u00ed&hellip;<\/p>\n","protected":false},"author":1,"featured_media":0,"comment_status":"open","ping_status":"open","sticky":false,"template":"","format":"standard","meta":{"footnotes":""},"categories":[1],"tags":[],"post_series":[],"class_list":["post-1247","post","type-post","status-publish","format-standard","hentry","category-nezarazene","entry","no-media"],"_links":{"self":[{"href":"https:\/\/asff.upol.cz\/index.php\/wp-json\/wp\/v2\/posts\/1247","targetHints":{"allow":["GET"]}}],"collection":[{"href":"https:\/\/asff.upol.cz\/index.php\/wp-json\/wp\/v2\/posts"}],"about":[{"href":"https:\/\/asff.upol.cz\/index.php\/wp-json\/wp\/v2\/types\/post"}],"author":[{"embeddable":true,"href":"https:\/\/asff.upol.cz\/index.php\/wp-json\/wp\/v2\/users\/1"}],"replies":[{"embeddable":true,"href":"https:\/\/asff.upol.cz\/index.php\/wp-json\/wp\/v2\/comments?post=1247"}],"version-history":[{"count":2,"href":"https:\/\/asff.upol.cz\/index.php\/wp-json\/wp\/v2\/posts\/1247\/revisions"}],"predecessor-version":[{"id":1249,"href":"https:\/\/asff.upol.cz\/index.php\/wp-json\/wp\/v2\/posts\/1247\/revisions\/1249"}],"wp:attachment":[{"href":"https:\/\/asff.upol.cz\/index.php\/wp-json\/wp\/v2\/media?parent=1247"}],"wp:term":[{"taxonomy":"category","embeddable":true,"href":"https:\/\/asff.upol.cz\/index.php\/wp-json\/wp\/v2\/categories?post=1247"},{"taxonomy":"post_tag","embeddable":true,"href":"https:\/\/asff.upol.cz\/index.php\/wp-json\/wp\/v2\/tags?post=1247"},{"taxonomy":"post_series","embeddable":true,"href":"https:\/\/asff.upol.cz\/index.php\/wp-json\/wp\/v2\/post_series?post=1247"}],"curies":[{"name":"wp","href":"https:\/\/api.w.org\/{rel}","templated":true}]}}